{"id":268,"date":"2012-03-06T19:32:07","date_gmt":"2012-03-06T18:32:07","guid":{"rendered":"http:\/\/calvayrac.net\/voyages\/?p=268"},"modified":"2019-07-06T18:24:54","modified_gmt":"2019-07-06T16:24:54","slug":"j8-foret-des-nuages-et-vamos-a-la-playa","status":"publish","type":"post","link":"http:\/\/www.calvayrac.net\/voyages\/j8-foret-des-nuages-et-vamos-a-la-playa\/","title":{"rendered":"Costa Rica J8 : For\u00eat des Nuages et vamos a la playa"},"content":{"rendered":"<p>26\/02\/2012\u00a0: For\u00eat des Nuages et vamos a la playa<\/p>\n<p>R\u00e9veil \u00e0 6h00 et d\u00e9part pour une promenade guid\u00e9e dans la for\u00eat des nuages. Manon et Matt\u00e9o font la t\u00eate.<!--more--><\/p>\n<p>D\u00e8s le parking de l\u2019entr\u00e9e du parc national, le guide nous montre un serpent vert enroul\u00e9 sur une branche. On se dit que cela commence bien. Un peu plus loin, un paresseux.<\/p>\n<p>La for\u00eat des nuages est extr\u00eamement humide. Ici il y a 2 saisons\u00a0: humide et tr\u00e8s humide. La promenade se fait donc en poncho et Kway.<\/p>\n<p>Superbe balade dans un environnement tr\u00e8s vert. On a faillit voir le Quetzal, l\u2019oiseau embl\u00e8me du Costa Rica mais seul le guide l\u2019a vu s\u2019envoler.<\/p>\n<p>Papa dit avoir vu des singes mais personne ne le croit\u2026. Manon est toujours aussi ravie de la promenade \ud83d\ude42<\/p>\n<div class='photonic-flickr-stream photonic-stream ' id='photonic-flickr-stream-1'>\n\n\t<div id='photonic-flickr-stream-1-container' class='title-display-tooltip photonic-level-1-container sizes-present photonic-auto-padded photonic-standard-layout photonic-thumbnail-effect-none' data-photonic-platform=\"flickr\" data-photonic-gallery-columns=\"auto\" data-photonic-query=\"columns=auto&amp;layout=square&amp;display=local&amp;popup=hide&amp;filter=&amp;filter_type=include&amp;more=&amp;panel=&amp;custom_classes=&amp;alignment=&amp;photo_layout=square&amp;caption=none&amp;thumb_size=n&amp;main_size=b&amp;tile_size=same&amp;video_size=Site MP4&amp;privacy_filter=&amp;count=500&amp;page=1&amp;paginate=&amp;collections_display=expanded&amp;user_id=74400699@N07&amp;collection_id=&amp;photoset_id=72157629227295500&amp;gallery_id=&amp;photo_id=&amp;media=photos&amp;type=flickr&amp;style=default&amp;view=photosets&amp;tag_mode=any&amp;sort=date-posted-desc&amp;iterate_level_3=1&amp;per_page=500&amp;photo_count=500&amp;overlay_size=n&amp;overlay_video_size=Site MP4\">\n\t\t<figure class='photonic-level-1 photonic-thumb'>\n\t\t\t<a href='https:\/\/live.staticflickr.com\/7041\/6985246021_661dbfc525_c.jpg' title='' rel='lightbox-photonic-flickr-stream-1' class='photonic-lb photonic-swipebox swipebox' target=\"_blank\" data-photonic-media-type=\"image\" data-photonic-deep=\"gallery[photonic-flickr-set-1]\/6985246021\/\" data-title=\"&lt;a href=&#039;https:\/\/www.flickr.com\/photos\/74400699@N07\/6985246021\/in\/set-72157629227295500&#039;  target=&#039;_blank&#039; &gt;View&lt;\/a&gt;\" data-photonic-tooltip=\"\">\n\t\t\t\t<img alt='26022012-85.jpg' class='square' data-src='https:\/\/live.staticflickr.com\/7041\/6985246021_661dbfc525_n.jpg' loading='lazy' width='320' height='213' \/>\n\t\t\t<\/a>\n\t\t<\/figure>\n\t\t<figure class='photonic-level-1 photonic-thumb'>\n\t\t\t<a href='https:\/\/live.staticflickr.com\/7050\/6985246693_2f6facc654_c.jpg' title='' rel='lightbox-photonic-flickr-stream-1' class='photonic-lb photonic-swipebox swipebox' target=\"_blank\" data-photonic-media-type=\"image\" data-photonic-deep=\"gallery[photonic-flickr-set-1]\/6985246693\/\" data-title=\"&lt;a href=&#039;https:\/\/www.flickr.com\/photos\/74400699@N07\/6985246693\/in\/set-72157629227295500&#039;  target=&#039;_blank&#039; &gt;View&lt;\/a&gt;\" data-photonic-tooltip=\"\">\n\t\t\t\t<img alt='26022012-86.jpg' class='square' data-src='https:\/\/live.staticflickr.com\/7050\/6985246693_2f6facc654_n.jpg' loading='lazy' width='320' height='213' \/>\n\t\t\t<\/a>\n\t\t<\/figure>\n\t\t<figure class='photonic-level-1 photonic-thumb'>\n\t\t\t<a href='https:\/\/live.staticflickr.com\/7191\/6985247029_88f29500d6_c.jpg' title='' rel='lightbox-photonic-flickr-stream-1' class='photonic-lb photonic-swipebox swipebox' target=\"_blank\" data-photonic-media-type=\"image\" data-photonic-deep=\"gallery[photonic-flickr-set-1]\/6985247029\/\" data-title=\"&lt;a href=&#039;https:\/\/www.flickr.com\/photos\/74400699@N07\/6985247029\/in\/set-72157629227295500&#039;  target=&#039;_blank&#039; &gt;View&lt;\/a&gt;\" data-photonic-tooltip=\"\">\n\t\t\t\t<img alt='26022012-90.jpg' class='square' data-src='https:\/\/live.staticflickr.com\/7191\/6985247029_88f29500d6_n.jpg' loading='lazy' width='320' height='213' \/>\n\t\t\t<\/a>\n\t\t<\/figure>\n\t\t<figure class='photonic-level-1 photonic-thumb'>\n\t\t\t<a href='https:\/\/live.staticflickr.com\/7180\/6985247405_5e9c569ec2_c.jpg' title='' rel='lightbox-photonic-flickr-stream-1' class='photonic-lb photonic-swipebox swipebox' target=\"_blank\" data-photonic-media-type=\"image\" data-photonic-deep=\"gallery[photonic-flickr-set-1]\/6985247405\/\" data-title=\"&lt;a href=&#039;https:\/\/www.flickr.com\/photos\/74400699@N07\/6985247405\/in\/set-72157629227295500&#039;  target=&#039;_blank&#039; &gt;View&lt;\/a&gt;\" data-photonic-tooltip=\"\">\n\t\t\t\t<img alt='26022012-92.jpg' class='square' data-src='https:\/\/live.staticflickr.com\/7180\/6985247405_5e9c569ec2_n.jpg' loading='lazy' width='320' height='213' \/>\n\t\t\t<\/a>\n\t\t<\/figure>\n\t\t<figure class='photonic-level-1 photonic-thumb'>\n\t\t\t<a href='https:\/\/live.staticflickr.com\/7199\/6985247853_5c76d5ccb3_c.jpg' title='' rel='lightbox-photonic-flickr-stream-1' class='photonic-lb photonic-swipebox swipebox' target=\"_blank\" data-photonic-media-type=\"image\" data-photonic-deep=\"gallery[photonic-flickr-set-1]\/6985247853\/\" data-title=\"&lt;a href=&#039;https:\/\/www.flickr.com\/photos\/74400699@N07\/6985247853\/in\/set-72157629227295500&#039;  target=&#039;_blank&#039; &gt;View&lt;\/a&gt;\" data-photonic-tooltip=\"\">\n\t\t\t\t<img alt='26022012-99.jpg' class='square' data-src='https:\/\/live.staticflickr.com\/7199\/6985247853_5c76d5ccb3_n.jpg' loading='lazy' width='320' height='213' \/>\n\t\t\t<\/a>\n\t\t<\/figure>\n\t\t<figure class='photonic-level-1 photonic-thumb'>\n\t\t\t<a href='https:\/\/live.staticflickr.com\/7046\/6985248269_ff93f0b9b6_c.jpg' title='' rel='lightbox-photonic-flickr-stream-1' class='photonic-lb photonic-swipebox swipebox' target=\"_blank\" data-photonic-media-type=\"image\" data-photonic-deep=\"gallery[photonic-flickr-set-1]\/6985248269\/\" data-title=\"&lt;a href=&#039;https:\/\/www.flickr.com\/photos\/74400699@N07\/6985248269\/in\/set-72157629227295500&#039;  target=&#039;_blank&#039; &gt;View&lt;\/a&gt;\" data-photonic-tooltip=\"\">\n\t\t\t\t<img alt='26022012-101.jpg' class='square' data-src='https:\/\/live.staticflickr.com\/7046\/6985248269_ff93f0b9b6_n.jpg' loading='lazy' width='320' height='213' \/>\n\t\t\t<\/a>\n\t\t<\/figure>\n\t\t<figure class='photonic-level-1 photonic-thumb'>\n\t\t\t<a href='https:\/\/live.staticflickr.com\/7185\/6985248617_d3bb92dfd4_c.jpg' title='' rel='lightbox-photonic-flickr-stream-1' class='photonic-lb photonic-swipebox swipebox' target=\"_blank\" data-photonic-media-type=\"image\" data-photonic-deep=\"gallery[photonic-flickr-set-1]\/6985248617\/\" data-title=\"&lt;a href=&#039;https:\/\/www.flickr.com\/photos\/74400699@N07\/6985248617\/in\/set-72157629227295500&#039;  target=&#039;_blank&#039; &gt;View&lt;\/a&gt;\" data-photonic-tooltip=\"\">\n\t\t\t\t<img alt='26022012-102.jpg' class='square' data-src='https:\/\/live.staticflickr.com\/7185\/6985248617_d3bb92dfd4_n.jpg' loading='lazy' width='320' height='213' \/>\n\t\t\t<\/a>\n\t\t<\/figure>\n\n\t<\/div> <!-- .\/photonic-level-1-container -->\n\t<span id='photonic-flickr-stream-1-container-end'><\/span>\n<\/div><!-- .photonic-stream or .photonic-panel -->\n\n<p>Retour \u00e0 l\u2019h\u00f4tel et d\u00e9part pour la playa.<\/p>\n<p>25 km de pistes puis 2 catastrophes\u00a0: Matt\u00e9o saigne du nez et Manon a \u00ab\u00a0un poignard dans l\u2019\u0153il\u00a0\u00bb ! Hurlements dans la voiture\u00a0\u2026 on s\u2019arr\u00eate 5 minutes.<\/p>\n<p>Puis juste avant de d\u00e9jeuner, Manon nous fait un petit malaise, surement \u00e0 cause de la chaleur.<\/p>\n<p>Apr\u00e8s un bon d\u00e9jeuner de riz au poulet et de frites (ici ils accompagnent le riz avec des frites), on repart pour la mer. Les paysages sont beaucoup plus secs ici.<\/p>\n<p>Nous sommes dimanche et, dans les villages, nous croisons beaucoup de chevaux \u00ab\u00a0gar\u00e9s\u00a0\u00bb au bord de la route.<\/p>\n<div class='photonic-flickr-stream photonic-stream ' id='photonic-flickr-stream-2'>\n\n\t<div id='photonic-flickr-stream-2-container' class='title-display-tooltip photonic-level-1-container sizes-present photonic-auto-padded photonic-standard-layout photonic-thumbnail-effect-none' data-photonic-platform=\"flickr\" data-photonic-gallery-columns=\"auto\" data-photonic-query=\"columns=auto&amp;layout=square&amp;display=local&amp;popup=hide&amp;filter=&amp;filter_type=include&amp;more=&amp;panel=&amp;custom_classes=&amp;alignment=&amp;photo_layout=square&amp;caption=none&amp;thumb_size=n&amp;main_size=b&amp;tile_size=same&amp;video_size=Site MP4&amp;privacy_filter=&amp;count=500&amp;page=1&amp;paginate=&amp;collections_display=expanded&amp;user_id=74400699@N07&amp;collection_id=&amp;photoset_id=72157629227296054&amp;gallery_id=&amp;photo_id=&amp;media=photos&amp;type=flickr&amp;style=default&amp;view=photosets&amp;tag_mode=any&amp;sort=date-posted-desc&amp;iterate_level_3=1&amp;per_page=500&amp;photo_count=500&amp;overlay_size=n&amp;overlay_video_size=Site MP4\">\n\t\t<figure class='photonic-level-1 photonic-thumb'>\n\t\t\t<a href='https:\/\/live.staticflickr.com\/7043\/6839125812_3012428d34_c.jpg' title='' rel='lightbox-photonic-flickr-stream-2' class='photonic-lb photonic-swipebox swipebox' target=\"_blank\" data-photonic-media-type=\"image\" data-photonic-deep=\"gallery[photonic-flickr-set-2]\/6839125812\/\" data-title=\"&lt;a href=&#039;https:\/\/www.flickr.com\/photos\/74400699@N07\/6839125812\/in\/set-72157629227296054&#039;  target=&#039;_blank&#039; &gt;View&lt;\/a&gt;\" data-photonic-tooltip=\"\">\n\t\t\t\t<img alt='26022012-108.jpg' class='square' data-src='https:\/\/live.staticflickr.com\/7043\/6839125812_3012428d34_n.jpg' loading='lazy' width='320' height='213' \/>\n\t\t\t<\/a>\n\t\t<\/figure>\n\t\t<figure class='photonic-level-1 photonic-thumb'>\n\t\t\t<a href='https:\/\/live.staticflickr.com\/7047\/6839126204_f77e0595e6_c.jpg' title='' rel='lightbox-photonic-flickr-stream-2' class='photonic-lb photonic-swipebox swipebox' target=\"_blank\" data-photonic-media-type=\"image\" data-photonic-deep=\"gallery[photonic-flickr-set-2]\/6839126204\/\" data-title=\"&lt;a href=&#039;https:\/\/www.flickr.com\/photos\/74400699@N07\/6839126204\/in\/set-72157629227296054&#039;  target=&#039;_blank&#039; &gt;View&lt;\/a&gt;\" data-photonic-tooltip=\"\">\n\t\t\t\t<img alt='26022012-111.jpg' class='square' data-src='https:\/\/live.staticflickr.com\/7047\/6839126204_f77e0595e6_n.jpg' loading='lazy' width='320' height='213' \/>\n\t\t\t<\/a>\n\t\t<\/figure>\n\t\t<figure class='photonic-level-1 photonic-thumb'>\n\t\t\t<a href='https:\/\/live.staticflickr.com\/7061\/6985247131_0225a7cc5c_c.jpg' title='' rel='lightbox-photonic-flickr-stream-2' class='photonic-lb photonic-swipebox swipebox' target=\"_blank\" data-photonic-media-type=\"image\" data-photonic-deep=\"gallery[photonic-flickr-set-2]\/6985247131\/\" data-title=\"&lt;a href=&#039;https:\/\/www.flickr.com\/photos\/74400699@N07\/6985247131\/in\/set-72157629227296054&#039;  target=&#039;_blank&#039; &gt;View&lt;\/a&gt;\" data-photonic-tooltip=\"\">\n\t\t\t\t<img alt='26022012-113.jpg' class='square' data-src='https:\/\/live.staticflickr.com\/7061\/6985247131_0225a7cc5c_n.jpg' loading='lazy' width='320' height='213' \/>\n\t\t\t<\/a>\n\t\t<\/figure>\n\t\t<figure class='photonic-level-1 photonic-thumb'>\n\t\t\t<a href='https:\/\/live.staticflickr.com\/7043\/6839126886_856cc545c1_c.jpg' title='' rel='lightbox-photonic-flickr-stream-2' class='photonic-lb photonic-swipebox swipebox' target=\"_blank\" data-photonic-media-type=\"image\" data-photonic-deep=\"gallery[photonic-flickr-set-2]\/6839126886\/\" data-title=\"&lt;a href=&#039;https:\/\/www.flickr.com\/photos\/74400699@N07\/6839126886\/in\/set-72157629227296054&#039;  target=&#039;_blank&#039; &gt;View&lt;\/a&gt;\" data-photonic-tooltip=\"\">\n\t\t\t\t<img alt='26022012-114.jpg' class='square' data-src='https:\/\/live.staticflickr.com\/7043\/6839126886_856cc545c1_n.jpg' loading='lazy' width='320' height='213' \/>\n\t\t\t<\/a>\n\t\t<\/figure>\n\t\t<figure class='photonic-level-1 photonic-thumb'>\n\t\t\t<a href='https:\/\/live.staticflickr.com\/7040\/6985247791_68928f6a89_c.jpg' title='' rel='lightbox-photonic-flickr-stream-2' class='photonic-lb photonic-swipebox swipebox' target=\"_blank\" data-photonic-media-type=\"image\" data-photonic-deep=\"gallery[photonic-flickr-set-2]\/6985247791\/\" data-title=\"&lt;a href=&#039;https:\/\/www.flickr.com\/photos\/74400699@N07\/6985247791\/in\/set-72157629227296054&#039;  target=&#039;_blank&#039; &gt;View&lt;\/a&gt;\" data-photonic-tooltip=\"\">\n\t\t\t\t<img alt='26022012-120.jpg' class='square' data-src='https:\/\/live.staticflickr.com\/7040\/6985247791_68928f6a89_n.jpg' loading='lazy' width='320' height='213' \/>\n\t\t\t<\/a>\n\t\t<\/figure>\n\t\t<figure class='photonic-level-1 photonic-thumb'>\n\t\t\t<a href='https:\/\/live.staticflickr.com\/7050\/6839127474_17abbc4f62_c.jpg' title='' rel='lightbox-photonic-flickr-stream-2' class='photonic-lb photonic-swipebox swipebox' target=\"_blank\" data-photonic-media-type=\"image\" data-photonic-deep=\"gallery[photonic-flickr-set-2]\/6839127474\/\" data-title=\"&lt;a href=&#039;https:\/\/www.flickr.com\/photos\/74400699@N07\/6839127474\/in\/set-72157629227296054&#039;  target=&#039;_blank&#039; &gt;View&lt;\/a&gt;\" data-photonic-tooltip=\"\">\n\t\t\t\t<img alt='26022012-121.jpg' class='square' data-src='https:\/\/live.staticflickr.com\/7050\/6839127474_17abbc4f62_n.jpg' loading='lazy' width='320' height='213' \/>\n\t\t\t<\/a>\n\t\t<\/figure>\n\t\t<figure class='photonic-level-1 photonic-thumb'>\n\t\t\t<a href='https:\/\/live.staticflickr.com\/7042\/6985248383_c1cfa549db_c.jpg' title='' rel='lightbox-photonic-flickr-stream-2' class='photonic-lb photonic-swipebox swipebox' target=\"_blank\" data-photonic-media-type=\"image\" data-photonic-deep=\"gallery[photonic-flickr-set-2]\/6985248383\/\" data-title=\"&lt;a href=&#039;https:\/\/www.flickr.com\/photos\/74400699@N07\/6985248383\/in\/set-72157629227296054&#039;  target=&#039;_blank&#039; &gt;View&lt;\/a&gt;\" data-photonic-tooltip=\"\">\n\t\t\t\t<img alt='26022012-129.jpg' class='square' data-src='https:\/\/live.staticflickr.com\/7042\/6985248383_c1cfa549db_n.jpg' loading='lazy' width='320' height='213' \/>\n\t\t\t<\/a>\n\t\t<\/figure>\n\n\t<\/div> <!-- .\/photonic-level-1-container -->\n\t<span id='photonic-flickr-stream-2-container-end'><\/span>\n<\/div><!-- .photonic-stream or .photonic-panel -->\n\n<p>Arriv\u00e9e \u00e0 l\u2019hotel\u00a0: Villas Kalimba. Super petite maison (avec un hamac) et une piscine hyper chaude.<\/p>\n<p>Promenade sur la plage juste avant la tomb\u00e9e de la nuit. La mer est trop bonne\u00a0: Matt\u00e9o finit en slip dans l\u2019eau. Puis, cocktail au coucher du soleil. Manon d\u00e9couvre son cocktail pr\u00e9f\u00e9r\u00e9\u00a0: le Shirley Temple (Ginger Ale, citron et un trait de grenadine).<\/p>\n<div class='photonic-flickr-stream photonic-stream ' id='photonic-flickr-stream-3'>\n\n\t<div id='photonic-flickr-stream-3-container' class='title-display-tooltip photonic-level-1-container sizes-present photonic-auto-padded photonic-standard-layout photonic-thumbnail-effect-none' data-photonic-platform=\"flickr\" data-photonic-gallery-columns=\"auto\" data-photonic-query=\"columns=auto&amp;layout=square&amp;display=local&amp;popup=hide&amp;filter=&amp;filter_type=include&amp;more=&amp;panel=&amp;custom_classes=&amp;alignment=&amp;photo_layout=square&amp;caption=none&amp;thumb_size=n&amp;main_size=b&amp;tile_size=same&amp;video_size=Site MP4&amp;privacy_filter=&amp;count=500&amp;page=1&amp;paginate=&amp;collections_display=expanded&amp;user_id=74400699@N07&amp;collection_id=&amp;photoset_id=72157629227307440&amp;gallery_id=&amp;photo_id=&amp;media=photos&amp;type=flickr&amp;style=default&amp;view=photosets&amp;tag_mode=any&amp;sort=date-posted-desc&amp;iterate_level_3=1&amp;per_page=500&amp;photo_count=500&amp;overlay_size=n&amp;overlay_video_size=Site MP4\">\n\t\t<figure class='photonic-level-1 photonic-thumb'>\n\t\t\t<a href='https:\/\/live.staticflickr.com\/7053\/6985251979_998ea54e21_c.jpg' title='' rel='lightbox-photonic-flickr-stream-3' class='photonic-lb photonic-swipebox swipebox' target=\"_blank\" data-photonic-media-type=\"image\" data-photonic-deep=\"gallery[photonic-flickr-set-3]\/6985251979\/\" data-title=\"&lt;a href=&#039;https:\/\/www.flickr.com\/photos\/74400699@N07\/6985251979\/in\/set-72157629227307440&#039;  target=&#039;_blank&#039; &gt;View&lt;\/a&gt;\" data-photonic-tooltip=\"\">\n\t\t\t\t<img alt='27022012-154.jpg' class='square' data-src='https:\/\/live.staticflickr.com\/7053\/6985251979_998ea54e21_n.jpg' loading='lazy' width='320' height='213' \/>\n\t\t\t<\/a>\n\t\t<\/figure>\n\t\t<figure class='photonic-level-1 photonic-thumb'>\n\t\t\t<a href='https:\/\/live.staticflickr.com\/7190\/6985252329_9bee152ca0_c.jpg' title='' rel='lightbox-photonic-flickr-stream-3' class='photonic-lb photonic-swipebox swipebox' target=\"_blank\" data-photonic-media-type=\"image\" data-photonic-deep=\"gallery[photonic-flickr-set-3]\/6985252329\/\" data-title=\"&lt;a href=&#039;https:\/\/www.flickr.com\/photos\/74400699@N07\/6985252329\/in\/set-72157629227307440&#039;  target=&#039;_blank&#039; &gt;View&lt;\/a&gt;\" data-photonic-tooltip=\"\">\n\t\t\t\t<img alt='27022012-158.jpg' class='square' data-src='https:\/\/live.staticflickr.com\/7190\/6985252329_9bee152ca0_n.jpg' loading='lazy' width='320' height='213' \/>\n\t\t\t<\/a>\n\t\t<\/figure>\n\t\t<figure class='photonic-level-1 photonic-thumb'>\n\t\t\t<a href='https:\/\/live.staticflickr.com\/7068\/6839132360_a4703e1e76_c.jpg' title='' rel='lightbox-photonic-flickr-stream-3' class='photonic-lb photonic-swipebox swipebox' target=\"_blank\" data-photonic-media-type=\"image\" data-photonic-deep=\"gallery[photonic-flickr-set-3]\/6839132360\/\" data-title=\"&lt;a href=&#039;https:\/\/www.flickr.com\/photos\/74400699@N07\/6839132360\/in\/set-72157629227307440&#039;  target=&#039;_blank&#039; &gt;View&lt;\/a&gt;\" data-photonic-tooltip=\"\">\n\t\t\t\t<img alt='27022012-166.jpg' class='square' data-src='https:\/\/live.staticflickr.com\/7068\/6839132360_a4703e1e76_n.jpg' loading='lazy' width='320' height='213' \/>\n\t\t\t<\/a>\n\t\t<\/figure>\n\t\t<figure class='photonic-level-1 photonic-thumb'>\n\t\t\t<a href='https:\/\/live.staticflickr.com\/7185\/6985254109_974eee5903_c.jpg' title='' rel='lightbox-photonic-flickr-stream-3' class='photonic-lb photonic-swipebox swipebox' target=\"_blank\" data-photonic-media-type=\"image\" data-photonic-deep=\"gallery[photonic-flickr-set-3]\/6985254109\/\" data-title=\"&lt;a href=&#039;https:\/\/www.flickr.com\/photos\/74400699@N07\/6985254109\/in\/set-72157629227307440&#039;  target=&#039;_blank&#039; &gt;View&lt;\/a&gt;\" data-photonic-tooltip=\"\">\n\t\t\t\t<img alt='27022012-188.jpg' class='square' data-src='https:\/\/live.staticflickr.com\/7185\/6985254109_974eee5903_n.jpg' loading='lazy' width='320' height='213' \/>\n\t\t\t<\/a>\n\t\t<\/figure>\n\t\t<figure class='photonic-level-1 photonic-thumb'>\n\t\t\t<a href='https:\/\/live.staticflickr.com\/7187\/6985254425_43c58d2872_c.jpg' title='' rel='lightbox-photonic-flickr-stream-3' class='photonic-lb photonic-swipebox swipebox' target=\"_blank\" data-photonic-media-type=\"image\" data-photonic-deep=\"gallery[photonic-flickr-set-3]\/6985254425\/\" data-title=\"&lt;a href=&#039;https:\/\/www.flickr.com\/photos\/74400699@N07\/6985254425\/in\/set-72157629227307440&#039;  target=&#039;_blank&#039; &gt;View&lt;\/a&gt;\" data-photonic-tooltip=\"\">\n\t\t\t\t<img alt='27022012-189.jpg' class='square' data-src='https:\/\/live.staticflickr.com\/7187\/6985254425_43c58d2872_n.jpg' loading='lazy' width='320' height='213' \/>\n\t\t\t<\/a>\n\t\t<\/figure>\n\t\t<figure class='photonic-level-1 photonic-thumb'>\n\t\t\t<a href='https:\/\/live.staticflickr.com\/7203\/6985254703_0ccd697138_c.jpg' title='' rel='lightbox-photonic-flickr-stream-3' class='photonic-lb photonic-swipebox swipebox' target=\"_blank\" data-photonic-media-type=\"image\" data-photonic-deep=\"gallery[photonic-flickr-set-3]\/6985254703\/\" data-title=\"&lt;a href=&#039;https:\/\/www.flickr.com\/photos\/74400699@N07\/6985254703\/in\/set-72157629227307440&#039;  target=&#039;_blank&#039; &gt;View&lt;\/a&gt;\" data-photonic-tooltip=\"\">\n\t\t\t\t<img alt='27022012-197.jpg' class='square' data-src='https:\/\/live.staticflickr.com\/7203\/6985254703_0ccd697138_n.jpg' loading='lazy' width='320' height='213' \/>\n\t\t\t<\/a>\n\t\t<\/figure>\n\t\t<figure class='photonic-level-1 photonic-thumb'>\n\t\t\t<a href='https:\/\/live.staticflickr.com\/7052\/6985253699_30fa694ce8_c.jpg' title='' rel='lightbox-photonic-flickr-stream-3' class='photonic-lb photonic-swipebox swipebox' target=\"_blank\" data-photonic-media-type=\"image\" data-photonic-deep=\"gallery[photonic-flickr-set-3]\/6985253699\/\" data-title=\"&lt;a href=&#039;https:\/\/www.flickr.com\/photos\/74400699@N07\/6985253699\/in\/set-72157629227307440&#039;  target=&#039;_blank&#039; &gt;View&lt;\/a&gt;\" data-photonic-tooltip=\"\">\n\t\t\t\t<img alt='27022012-177.jpg' class='square' data-src='https:\/\/live.staticflickr.com\/7052\/6985253699_30fa694ce8_n.jpg' loading='lazy' width='213' height='320' \/>\n\t\t\t<\/a>\n\t\t<\/figure>\n\t\t<figure class='photonic-level-1 photonic-thumb'>\n\t\t\t<a href='https:\/\/live.staticflickr.com\/7191\/6839132706_89b18d638b_c.jpg' title='' rel='lightbox-photonic-flickr-stream-3' class='photonic-lb photonic-swipebox swipebox' target=\"_blank\" data-photonic-media-type=\"image\" data-photonic-deep=\"gallery[photonic-flickr-set-3]\/6839132706\/\" data-title=\"&lt;a href=&#039;https:\/\/www.flickr.com\/photos\/74400699@N07\/6839132706\/in\/set-72157629227307440&#039;  target=&#039;_blank&#039; &gt;View&lt;\/a&gt;\" data-photonic-tooltip=\"\">\n\t\t\t\t<img alt='27022012-170.jpg' class='square' data-src='https:\/\/live.staticflickr.com\/7191\/6839132706_89b18d638b_n.jpg' loading='lazy' width='213' height='320' \/>\n\t\t\t<\/a>\n\t\t<\/figure>\n\t\t<figure class='photonic-level-1 photonic-thumb'>\n\t\t\t<a href='https:\/\/live.staticflickr.com\/7066\/6985252597_51e50dd4fd_c.jpg' title='' rel='lightbox-photonic-flickr-stream-3' class='photonic-lb photonic-swipebox swipebox' target=\"_blank\" data-photonic-media-type=\"image\" data-photonic-deep=\"gallery[photonic-flickr-set-3]\/6985252597\/\" data-title=\"&lt;a href=&#039;https:\/\/www.flickr.com\/photos\/74400699@N07\/6985252597\/in\/set-72157629227307440&#039;  target=&#039;_blank&#039; &gt;View&lt;\/a&gt;\" data-photonic-tooltip=\"\">\n\t\t\t\t<img alt='27022012-160.jpg' class='square' data-src='https:\/\/live.staticflickr.com\/7066\/6985252597_51e50dd4fd_n.jpg' loading='lazy' width='213' height='320' \/>\n\t\t\t<\/a>\n\t\t<\/figure>\n\t\t<figure class='photonic-level-1 photonic-thumb'>\n\t\t\t<a href='https:\/\/live.staticflickr.com\/7199\/6985251603_272c39fc24_c.jpg' title='' rel='lightbox-photonic-flickr-stream-3' class='photonic-lb photonic-swipebox swipebox' target=\"_blank\" data-photonic-media-type=\"image\" data-photonic-deep=\"gallery[photonic-flickr-set-3]\/6985251603\/\" data-title=\"&lt;a href=&#039;https:\/\/www.flickr.com\/photos\/74400699@N07\/6985251603\/in\/set-72157629227307440&#039;  target=&#039;_blank&#039; &gt;View&lt;\/a&gt;\" data-photonic-tooltip=\"\">\n\t\t\t\t<img alt='27022012-150.jpg' class='square' data-src='https:\/\/live.staticflickr.com\/7199\/6985251603_272c39fc24_n.jpg' loading='lazy' width='213' height='320' \/>\n\t\t\t<\/a>\n\t\t<\/figure>\n\t\t<figure class='photonic-level-1 photonic-thumb'>\n\t\t\t<a href='https:\/\/live.staticflickr.com\/7068\/6839130766_890e975f42_c.jpg' title='' rel='lightbox-photonic-flickr-stream-3' class='photonic-lb photonic-swipebox swipebox' target=\"_blank\" data-photonic-media-type=\"image\" data-photonic-deep=\"gallery[photonic-flickr-set-3]\/6839130766\/\" data-title=\"&lt;a href=&#039;https:\/\/www.flickr.com\/photos\/74400699@N07\/6839130766\/in\/set-72157629227307440&#039;  target=&#039;_blank&#039; &gt;View&lt;\/a&gt;\" data-photonic-tooltip=\"\">\n\t\t\t\t<img alt='27022012-147.jpg' class='square' data-src='https:\/\/live.staticflickr.com\/7068\/6839130766_890e975f42_n.jpg' loading='lazy' width='213' height='320' \/>\n\t\t\t<\/a>\n\t\t<\/figure>\n\t\t<figure class='photonic-level-1 photonic-thumb'>\n\t\t\t<a href='https:\/\/live.staticflickr.com\/7178\/6985250877_e091fcbe7b_c.jpg' title='' rel='lightbox-photonic-flickr-stream-3' class='photonic-lb photonic-swipebox swipebox' target=\"_blank\" data-photonic-media-type=\"image\" data-photonic-deep=\"gallery[photonic-flickr-set-3]\/6985250877\/\" data-title=\"&lt;a href=&#039;https:\/\/www.flickr.com\/photos\/74400699@N07\/6985250877\/in\/set-72157629227307440&#039;  target=&#039;_blank&#039; &gt;View&lt;\/a&gt;\" data-photonic-tooltip=\"\">\n\t\t\t\t<img alt='27022012-146.jpg' class='square' data-src='https:\/\/live.staticflickr.com\/7178\/6985250877_e091fcbe7b_n.jpg' loading='lazy' width='213' height='320' \/>\n\t\t\t<\/a>\n\t\t<\/figure>\n\n\t<\/div> <!-- .\/photonic-level-1-container -->\n\t<span id='photonic-flickr-stream-3-container-end'><\/span>\n<\/div><!-- .photonic-stream or .photonic-panel -->\n\n<p>Puis diner sur la plage, les pieds dans le sable.<\/p>\n","protected":false},"excerpt":{"rendered":"<p>26\/02\/2012\u00a0: For\u00eat des Nuages et vamos a la playa R\u00e9veil \u00e0 6h00 et d\u00e9part pour une promenade guid\u00e9e dans la for\u00eat des nuages. Manon et Matt\u00e9o font la t\u00eate.<\/p>\n","protected":false},"author":2,"featured_media":278,"comment_status":"open","ping_status":"closed","sticky":false,"template":"","format":"standard","meta":{"_monsterinsights_skip_tracking":false,"_monsterinsights_sitenote_active":false,"_monsterinsights_sitenote_note":"","_monsterinsights_sitenote_category":0,"footnotes":""},"categories":[6,72],"tags":[],"class_list":["post-268","post","type-post","status-publish","format-standard","has-post-thumbnail","hentry","category-costa-rica","category-nothome"],"yoast_head":"<!-- This site is optimized with the Yoast SEO plugin v23.6 - https:\/\/yoast.com\/wordpress\/plugins\/seo\/ -->\n<title>Costa Rica J8 : For\u00eat des Nuages et vamos a la playa | Le Blog de la famille Calvayrac-Malnoue<\/title>\n<meta name=\"description\" content=\"26\/02\/2012\u00a0: For\u00eat des Nuages et vamos a la playa R\u00e9veil \u00e0 6h00 et d\u00e9part pour une promenade guid\u00e9e dans la for\u00eat des nuages. Manon et Matt\u00e9o font la\" \/>\n<meta name=\"robots\" content=\"index, follow, max-snippet:-1, max-image-preview:large, max-video-preview:-1\" \/>\n<link rel=\"canonical\" href=\"http:\/\/www.calvayrac.net\/voyages\/j8-foret-des-nuages-et-vamos-a-la-playa\/\" \/>\n<meta name=\"twitter:label1\" content=\"\u00c9crit par\" \/>\n\t<meta name=\"twitter:data1\" content=\"Denis Calvayrac\" \/>\n\t<meta name=\"twitter:label2\" content=\"Dur\u00e9e de lecture estim\u00e9e\" \/>\n\t<meta name=\"twitter:data2\" content=\"2 minutes\" \/>\n<script type=\"application\/ld+json\" class=\"yoast-schema-graph\">{\"@context\":\"https:\/\/schema.org\",\"@graph\":[{\"@type\":\"Article\",\"@id\":\"http:\/\/www.calvayrac.net\/voyages\/j8-foret-des-nuages-et-vamos-a-la-playa\/#article\",\"isPartOf\":{\"@id\":\"http:\/\/www.calvayrac.net\/voyages\/j8-foret-des-nuages-et-vamos-a-la-playa\/\"},\"author\":{\"name\":\"Denis Calvayrac\",\"@id\":\"https:\/\/www.calvayrac.net\/voyages\/#\/schema\/person\/4b35be4680029a858702884cee92b2d6\"},\"headline\":\"Costa Rica J8 : For\u00eat des Nuages et vamos a la playa\",\"datePublished\":\"2012-03-06T18:32:07+00:00\",\"dateModified\":\"2019-07-06T16:24:54+00:00\",\"mainEntityOfPage\":{\"@id\":\"http:\/\/www.calvayrac.net\/voyages\/j8-foret-des-nuages-et-vamos-a-la-playa\/\"},\"wordCount\":414,\"commentCount\":0,\"publisher\":{\"@id\":\"https:\/\/www.calvayrac.net\/voyages\/#\/schema\/person\/4b35be4680029a858702884cee92b2d6\"},\"image\":{\"@id\":\"http:\/\/www.calvayrac.net\/voyages\/j8-foret-des-nuages-et-vamos-a-la-playa\/#primaryimage\"},\"thumbnailUrl\":\"http:\/\/www.calvayrac.net\/voyages\/wp-content\/uploads\/2012\/03\/26022012-99-LQ.jpg\",\"articleSection\":[\"Costa-Rica\",\"Journey\"],\"inLanguage\":\"fr-FR\",\"potentialAction\":[{\"@type\":\"CommentAction\",\"name\":\"Comment\",\"target\":[\"http:\/\/www.calvayrac.net\/voyages\/j8-foret-des-nuages-et-vamos-a-la-playa\/#respond\"]}]},{\"@type\":\"WebPage\",\"@id\":\"http:\/\/www.calvayrac.net\/voyages\/j8-foret-des-nuages-et-vamos-a-la-playa\/\",\"url\":\"http:\/\/www.calvayrac.net\/voyages\/j8-foret-des-nuages-et-vamos-a-la-playa\/\",\"name\":\"Costa Rica J8 : For\u00eat des Nuages et vamos a la playa | Le Blog de la famille Calvayrac-Malnoue\",\"isPartOf\":{\"@id\":\"https:\/\/www.calvayrac.net\/voyages\/#website\"},\"primaryImageOfPage\":{\"@id\":\"http:\/\/www.calvayrac.net\/voyages\/j8-foret-des-nuages-et-vamos-a-la-playa\/#primaryimage\"},\"image\":{\"@id\":\"http:\/\/www.calvayrac.net\/voyages\/j8-foret-des-nuages-et-vamos-a-la-playa\/#primaryimage\"},\"thumbnailUrl\":\"http:\/\/www.calvayrac.net\/voyages\/wp-content\/uploads\/2012\/03\/26022012-99-LQ.jpg\",\"datePublished\":\"2012-03-06T18:32:07+00:00\",\"dateModified\":\"2019-07-06T16:24:54+00:00\",\"description\":\"26\/02\/2012\u00a0: For\u00eat des Nuages et vamos a la playa R\u00e9veil \u00e0 6h00 et d\u00e9part pour une promenade guid\u00e9e dans la for\u00eat des nuages. Manon et Matt\u00e9o font la\",\"inLanguage\":\"fr-FR\",\"potentialAction\":[{\"@type\":\"ReadAction\",\"target\":[\"http:\/\/www.calvayrac.net\/voyages\/j8-foret-des-nuages-et-vamos-a-la-playa\/\"]}]},{\"@type\":\"ImageObject\",\"inLanguage\":\"fr-FR\",\"@id\":\"http:\/\/www.calvayrac.net\/voyages\/j8-foret-des-nuages-et-vamos-a-la-playa\/#primaryimage\",\"url\":\"http:\/\/www.calvayrac.net\/voyages\/wp-content\/uploads\/2012\/03\/26022012-99-LQ.jpg\",\"contentUrl\":\"http:\/\/www.calvayrac.net\/voyages\/wp-content\/uploads\/2012\/03\/26022012-99-LQ.jpg\",\"width\":1000,\"height\":667},{\"@type\":\"WebSite\",\"@id\":\"https:\/\/www.calvayrac.net\/voyages\/#website\",\"url\":\"https:\/\/www.calvayrac.net\/voyages\/\",\"name\":\"Carnet de Voyages\",\"description\":\"Le Blog de la famille Calvayrac-Malnoue\",\"publisher\":{\"@id\":\"https:\/\/www.calvayrac.net\/voyages\/#\/schema\/person\/4b35be4680029a858702884cee92b2d6\"},\"potentialAction\":[{\"@type\":\"SearchAction\",\"target\":{\"@type\":\"EntryPoint\",\"urlTemplate\":\"https:\/\/www.calvayrac.net\/voyages\/?s={search_term_string}\"},\"query-input\":{\"@type\":\"PropertyValueSpecification\",\"valueRequired\":true,\"valueName\":\"search_term_string\"}}],\"inLanguage\":\"fr-FR\"},{\"@type\":[\"Person\",\"Organization\"],\"@id\":\"https:\/\/www.calvayrac.net\/voyages\/#\/schema\/person\/4b35be4680029a858702884cee92b2d6\",\"name\":\"Denis Calvayrac\",\"image\":{\"@type\":\"ImageObject\",\"inLanguage\":\"fr-FR\",\"@id\":\"https:\/\/www.calvayrac.net\/voyages\/#\/schema\/person\/image\/\",\"url\":\"http:\/\/0.gravatar.com\/avatar\/f201a6aa8d9d1c8ee40d95b156bffdb8?s=96&d=mm&r=g\",\"contentUrl\":\"http:\/\/0.gravatar.com\/avatar\/f201a6aa8d9d1c8ee40d95b156bffdb8?s=96&d=mm&r=g\",\"caption\":\"Denis Calvayrac\"},\"logo\":{\"@id\":\"https:\/\/www.calvayrac.net\/voyages\/#\/schema\/person\/image\/\"}}]}<\/script>\n<!-- \/ Yoast SEO plugin. -->","yoast_head_json":{"title":"Costa Rica J8 : For\u00eat des Nuages et vamos a la playa | Le Blog de la famille Calvayrac-Malnoue","description":"26\/02\/2012\u00a0: For\u00eat des Nuages et vamos a la playa R\u00e9veil \u00e0 6h00 et d\u00e9part pour une promenade guid\u00e9e dans la for\u00eat des nuages. Manon et Matt\u00e9o font la","robots":{"index":"index","follow":"follow","max-snippet":"max-snippet:-1","max-image-preview":"max-image-preview:large","max-video-preview":"max-video-preview:-1"},"canonical":"http:\/\/www.calvayrac.net\/voyages\/j8-foret-des-nuages-et-vamos-a-la-playa\/","twitter_misc":{"\u00c9crit par":"Denis Calvayrac","Dur\u00e9e de lecture estim\u00e9e":"2 minutes"},"schema":{"@context":"https:\/\/schema.org","@graph":[{"@type":"Article","@id":"http:\/\/www.calvayrac.net\/voyages\/j8-foret-des-nuages-et-vamos-a-la-playa\/#article","isPartOf":{"@id":"http:\/\/www.calvayrac.net\/voyages\/j8-foret-des-nuages-et-vamos-a-la-playa\/"},"author":{"name":"Denis Calvayrac","@id":"https:\/\/www.calvayrac.net\/voyages\/#\/schema\/person\/4b35be4680029a858702884cee92b2d6"},"headline":"Costa Rica J8 : For\u00eat des Nuages et vamos a la playa","datePublished":"2012-03-06T18:32:07+00:00","dateModified":"2019-07-06T16:24:54+00:00","mainEntityOfPage":{"@id":"http:\/\/www.calvayrac.net\/voyages\/j8-foret-des-nuages-et-vamos-a-la-playa\/"},"wordCount":414,"commentCount":0,"publisher":{"@id":"https:\/\/www.calvayrac.net\/voyages\/#\/schema\/person\/4b35be4680029a858702884cee92b2d6"},"image":{"@id":"http:\/\/www.calvayrac.net\/voyages\/j8-foret-des-nuages-et-vamos-a-la-playa\/#primaryimage"},"thumbnailUrl":"http:\/\/www.calvayrac.net\/voyages\/wp-content\/uploads\/2012\/03\/26022012-99-LQ.jpg","articleSection":["Costa-Rica","Journey"],"inLanguage":"fr-FR","potentialAction":[{"@type":"CommentAction","name":"Comment","target":["http:\/\/www.calvayrac.net\/voyages\/j8-foret-des-nuages-et-vamos-a-la-playa\/#respond"]}]},{"@type":"WebPage","@id":"http:\/\/www.calvayrac.net\/voyages\/j8-foret-des-nuages-et-vamos-a-la-playa\/","url":"http:\/\/www.calvayrac.net\/voyages\/j8-foret-des-nuages-et-vamos-a-la-playa\/","name":"Costa Rica J8 : For\u00eat des Nuages et vamos a la playa | Le Blog de la famille Calvayrac-Malnoue","isPartOf":{"@id":"https:\/\/www.calvayrac.net\/voyages\/#website"},"primaryImageOfPage":{"@id":"http:\/\/www.calvayrac.net\/voyages\/j8-foret-des-nuages-et-vamos-a-la-playa\/#primaryimage"},"image":{"@id":"http:\/\/www.calvayrac.net\/voyages\/j8-foret-des-nuages-et-vamos-a-la-playa\/#primaryimage"},"thumbnailUrl":"http:\/\/www.calvayrac.net\/voyages\/wp-content\/uploads\/2012\/03\/26022012-99-LQ.jpg","datePublished":"2012-03-06T18:32:07+00:00","dateModified":"2019-07-06T16:24:54+00:00","description":"26\/02\/2012\u00a0: For\u00eat des Nuages et vamos a la playa R\u00e9veil \u00e0 6h00 et d\u00e9part pour une promenade guid\u00e9e dans la for\u00eat des nuages. Manon et Matt\u00e9o font la","inLanguage":"fr-FR","potentialAction":[{"@type":"ReadAction","target":["http:\/\/www.calvayrac.net\/voyages\/j8-foret-des-nuages-et-vamos-a-la-playa\/"]}]},{"@type":"ImageObject","inLanguage":"fr-FR","@id":"http:\/\/www.calvayrac.net\/voyages\/j8-foret-des-nuages-et-vamos-a-la-playa\/#primaryimage","url":"http:\/\/www.calvayrac.net\/voyages\/wp-content\/uploads\/2012\/03\/26022012-99-LQ.jpg","contentUrl":"http:\/\/www.calvayrac.net\/voyages\/wp-content\/uploads\/2012\/03\/26022012-99-LQ.jpg","width":1000,"height":667},{"@type":"WebSite","@id":"https:\/\/www.calvayrac.net\/voyages\/#website","url":"https:\/\/www.calvayrac.net\/voyages\/","name":"Carnet de Voyages","description":"Le Blog de la famille Calvayrac-Malnoue","publisher":{"@id":"https:\/\/www.calvayrac.net\/voyages\/#\/schema\/person\/4b35be4680029a858702884cee92b2d6"},"potentialAction":[{"@type":"SearchAction","target":{"@type":"EntryPoint","urlTemplate":"https:\/\/www.calvayrac.net\/voyages\/?s={search_term_string}"},"query-input":{"@type":"PropertyValueSpecification","valueRequired":true,"valueName":"search_term_string"}}],"inLanguage":"fr-FR"},{"@type":["Person","Organization"],"@id":"https:\/\/www.calvayrac.net\/voyages\/#\/schema\/person\/4b35be4680029a858702884cee92b2d6","name":"Denis Calvayrac","image":{"@type":"ImageObject","inLanguage":"fr-FR","@id":"https:\/\/www.calvayrac.net\/voyages\/#\/schema\/person\/image\/","url":"http:\/\/0.gravatar.com\/avatar\/f201a6aa8d9d1c8ee40d95b156bffdb8?s=96&d=mm&r=g","contentUrl":"http:\/\/0.gravatar.com\/avatar\/f201a6aa8d9d1c8ee40d95b156bffdb8?s=96&d=mm&r=g","caption":"Denis Calvayrac"},"logo":{"@id":"https:\/\/www.calvayrac.net\/voyages\/#\/schema\/person\/image\/"}}]}},"_links":{"self":[{"href":"http:\/\/www.calvayrac.net\/voyages\/wp-json\/wp\/v2\/posts\/268"}],"collection":[{"href":"http:\/\/www.calvayrac.net\/voyages\/wp-json\/wp\/v2\/posts"}],"about":[{"href":"http:\/\/www.calvayrac.net\/voyages\/wp-json\/wp\/v2\/types\/post"}],"author":[{"embeddable":true,"href":"http:\/\/www.calvayrac.net\/voyages\/wp-json\/wp\/v2\/users\/2"}],"replies":[{"embeddable":true,"href":"http:\/\/www.calvayrac.net\/voyages\/wp-json\/wp\/v2\/comments?post=268"}],"version-history":[{"count":13,"href":"http:\/\/www.calvayrac.net\/voyages\/wp-json\/wp\/v2\/posts\/268\/revisions"}],"predecessor-version":[{"id":2853,"href":"http:\/\/www.calvayrac.net\/voyages\/wp-json\/wp\/v2\/posts\/268\/revisions\/2853"}],"wp:featuredmedia":[{"embeddable":true,"href":"http:\/\/www.calvayrac.net\/voyages\/wp-json\/wp\/v2\/media\/278"}],"wp:attachment":[{"href":"http:\/\/www.calvayrac.net\/voyages\/wp-json\/wp\/v2\/media?parent=268"}],"wp:term":[{"taxonomy":"category","embeddable":true,"href":"http:\/\/www.calvayrac.net\/voyages\/wp-json\/wp\/v2\/categories?post=268"},{"taxonomy":"post_tag","embeddable":true,"href":"http:\/\/www.calvayrac.net\/voyages\/wp-json\/wp\/v2\/tags?post=268"}],"curies":[{"name":"wp","href":"https:\/\/api.w.org\/{rel}","templated":true}]}}