{"id":2743,"date":"2019-05-11T16:43:06","date_gmt":"2019-05-11T14:43:06","guid":{"rendered":"http:\/\/www.calvayrac.net\/voyages\/?p=2743"},"modified":"2019-05-11T17:42:42","modified_gmt":"2019-05-11T15:42:42","slug":"de-retour-au-costa-rica","status":"publish","type":"post","link":"http:\/\/www.calvayrac.net\/voyages\/de-retour-au-costa-rica\/","title":{"rendered":"De retour au Costa Rica"},"content":{"rendered":"<p>Nous voici de retour au Costa Rica en 2018. <!--more-->Vous pouvez voir le r\u00e9cit d\u00e9taill\u00e9 de <a href=\"http:\/\/www.calvayrac.net\/voyages\/pura-vida-au-costa-rica\/\" target=\"_blank\" rel=\"noopener noreferrer\">notre premier voyage ici<\/a>.<\/p>\n<p>Pour ce second voyage, nous retournons \u00e0 Monte Verde et Samara en ajoutant une nouvelle \u00e9tape \u00e0 Miravalles.<\/p>\n\r\n            \r\n            \r\n            \r\n            <a name='map10'><\/a>\r\n            \r\n            \r\n            \r\n            \r\n\r\n            <div class=\"wpgmza_map \"  id=\"wpgmza_map_10\" style=\"display:block; overflow:auto; width:90%; height:400px; margin-left:auto !important; margin-right:auto !important; align:center;\" data-settings='{\"id\":\"10\",\"map_title\":\"Costa Rica V2\",\"map_width\":\"90\",\"map_height\":\"400\",\"map_start_lat\":\"10.331911\",\"map_start_lng\":\"-84.905313\",\"map_start_location\":\"10.331911,-84.90531299999998\",\"map_start_zoom\":\"8\",\"default_marker\":\"0\",\"type\":\"1\",\"alignment\":\"2\",\"directions_enabled\":\"2\",\"styling_enabled\":\"0\",\"styling_json\":\"\",\"active\":\"0\",\"kml\":\"http:\\\/\\\/calvayrac.net\\\/voyages\\\/wp-content\\\/themes\\\/denis\\\/images\\\/Costa_RicaV3.kml\",\"bicycle\":\"2\",\"traffic\":\"2\",\"dbox\":\"1\",\"dbox_width\":\"100\",\"listmarkers\":\"0\",\"listmarkers_advanced\":\"0\",\"filterbycat\":\"0\",\"ugm_enabled\":\"0\",\"ugm_category_enabled\":\"0\",\"fusion\":\"\",\"map_width_type\":\"\\\\%\",\"map_height_type\":\"px\",\"mass_marker_support\":\"0\",\"ugm_access\":\"0\",\"order_markers_by\":\"1\",\"order_markers_choice\":\"2\",\"show_user_location\":\"2\",\"default_to\":\"\",\"other_settings\":{\"store_locator_style\":\"legacy\",\"wpgmza_store_locator_radius_style\":\"legacy\",\"directions_box_style\":\"modern\",\"wpgmza_dbox_width_type\":\"%\",\"map_max_zoom\":\"3\",\"map_min_zoom\":\"21\",\"sl_stroke_color\":\"\",\"sl_stroke_opacity\":\"\",\"sl_fill_color\":\"\",\"sl_fill_opacity\":\"\",\"automatically_pan_to_users_location\":2,\"click_open_link\":2,\"hide_point_of_interest\":2,\"transport_layer\":2,\"iw_primary_color\":\"2A3744\",\"iw_accent_color\":\"252F3A\",\"iw_text_color\":\"FFFFFF\",\"wpgmza_iw_type\":\"0\",\"list_markers_by\":\"0\",\"push_in_map\":\"\",\"push_in_map_placement\":\"9\",\"wpgmza_push_in_map_width\":\"\",\"wpgmza_push_in_map_height\":\"\",\"wpgmza_theme_data\":\"\",\"upload_default_ul_marker\":\"\",\"upload_default_sl_marker\":\"\"}}' data-shortcode-attributes='{\"id\":\"10\"}'> <\/div>\r\n            \r\n               \r\n        \n<p>.<\/p>\n<p>Les \u00e9tapes du road trip sont donc les suivantes :<\/p>\n<ol>\n<li>le 18\/02 : arriv\u00e9e \u00e0 <strong>Alajuela<\/strong> vers 15h30<\/li>\n<li>du 19 au 21 matin : <strong>Monte Verde<\/strong><\/li>\n<li>du 21 au 23 matin : <strong>Miravalles<\/strong><\/li>\n<li>du 23 au 27 matin : <strong>Samara<\/strong>, avec un retour \u00e0 Alajuela pour un vol le soir<\/li>\n<\/ol>\n<p>A notre arriv\u00e9e, apr\u00e8s avoir r\u00e9cup\u00e9r\u00e9 la voiture de location, nous allons dans un h\u00f4tel en anticipant un peu la route du lendemain.<\/p>\n<p>C&rsquo;est d\u00e9j\u00e0 le d\u00e9paysement !<\/p>\n<div class='photonic-flickr-stream photonic-stream ' id='photonic-flickr-stream-1'>\n\n\t<div id='photonic-flickr-stream-1-container' class='title-display-tooltip photonic-level-1-container sizes-present photonic-auto-padded photonic-standard-layout photonic-thumbnail-effect-none' data-photonic-platform=\"flickr\" data-photonic-gallery-columns=\"auto\" data-photonic-query=\"columns=auto&amp;layout=square&amp;display=local&amp;popup=hide&amp;filter=&amp;filter_type=include&amp;more=&amp;panel=&amp;custom_classes=&amp;alignment=&amp;photo_layout=square&amp;caption=none&amp;thumb_size=n&amp;main_size=b&amp;tile_size=same&amp;video_size=Site MP4&amp;privacy_filter=&amp;count=500&amp;page=1&amp;paginate=&amp;collections_display=expanded&amp;user_id=74400699@N07&amp;collection_id=&amp;photoset_id=72157691377569163&amp;gallery_id=&amp;photo_id=&amp;media=photos&amp;type=flickr&amp;style=default&amp;view=photosets&amp;tag_mode=any&amp;sort=date-posted-desc&amp;iterate_level_3=1&amp;per_page=500&amp;photo_count=500&amp;overlay_size=n&amp;overlay_video_size=Site MP4\">\n\t\t<figure class='photonic-level-1 photonic-thumb'>\n\t\t\t<a href='https:\/\/live.staticflickr.com\/65535\/40858413033_ed65191f66_c.jpg' title='' rel='lightbox-photonic-flickr-stream-1' class='photonic-lb photonic-swipebox swipebox' target=\"_blank\" data-photonic-media-type=\"image\" data-photonic-deep=\"gallery[photonic-flickr-set-1]\/40858413033\/\" data-title=\"&lt;a href=&#039;https:\/\/www.flickr.com\/photos\/74400699@N07\/40858413033\/in\/set-72157691377569163&#039;  target=&#039;_blank&#039; &gt;View&lt;\/a&gt;\" data-photonic-tooltip=\"\">\n\t\t\t\t<img alt='IMG_8652' class='square' data-src='https:\/\/live.staticflickr.com\/65535\/40858413033_ed65191f66_n.jpg' loading='lazy' width='320' height='213' \/>\n\t\t\t<\/a>\n\t\t<\/figure>\n\t\t<figure class='photonic-level-1 photonic-thumb'>\n\t\t\t<a href='https:\/\/live.staticflickr.com\/65535\/47035150154_8c40af34c4_c.jpg' title='' rel='lightbox-photonic-flickr-stream-1' class='photonic-lb photonic-swipebox swipebox' target=\"_blank\" data-photonic-media-type=\"image\" data-photonic-deep=\"gallery[photonic-flickr-set-1]\/47035150154\/\" data-title=\"&lt;a href=&#039;https:\/\/www.flickr.com\/photos\/74400699@N07\/47035150154\/in\/set-72157691377569163&#039;  target=&#039;_blank&#039; &gt;View&lt;\/a&gt;\" data-photonic-tooltip=\"\">\n\t\t\t\t<img alt='IMG_8654' class='square' data-src='https:\/\/live.staticflickr.com\/65535\/47035150154_8c40af34c4_n.jpg' loading='lazy' width='320' height='213' \/>\n\t\t\t<\/a>\n\t\t<\/figure>\n\t\t<figure class='photonic-level-1 photonic-thumb'>\n\t\t\t<a href='https:\/\/live.staticflickr.com\/65535\/40858412903_4e34d6990c_c.jpg' title='' rel='lightbox-photonic-flickr-stream-1' class='photonic-lb photonic-swipebox swipebox' target=\"_blank\" data-photonic-media-type=\"image\" data-photonic-deep=\"gallery[photonic-flickr-set-1]\/40858412903\/\" data-title=\"&lt;a href=&#039;https:\/\/www.flickr.com\/photos\/74400699@N07\/40858412903\/in\/set-72157691377569163&#039;  target=&#039;_blank&#039; &gt;View&lt;\/a&gt;\" data-photonic-tooltip=\"\">\n\t\t\t\t<img alt='IMG_8634' class='square' data-src='https:\/\/live.staticflickr.com\/65535\/40858412903_4e34d6990c_n.jpg' loading='lazy' width='320' height='213' \/>\n\t\t\t<\/a>\n\t\t<\/figure>\n\t\t<figure class='photonic-level-1 photonic-thumb'>\n\t\t\t<a href='https:\/\/live.staticflickr.com\/65535\/47035149904_061331a1e8_c.jpg' title='' rel='lightbox-photonic-flickr-stream-1' class='photonic-lb photonic-swipebox swipebox' target=\"_blank\" data-photonic-media-type=\"image\" data-photonic-deep=\"gallery[photonic-flickr-set-1]\/47035149904\/\" data-title=\"&lt;a href=&#039;https:\/\/www.flickr.com\/photos\/74400699@N07\/47035149904\/in\/set-72157691377569163&#039;  target=&#039;_blank&#039; &gt;View&lt;\/a&gt;\" data-photonic-tooltip=\"\">\n\t\t\t\t<img alt='IMG_8636' class='square' data-src='https:\/\/live.staticflickr.com\/65535\/47035149904_061331a1e8_n.jpg' loading='lazy' width='320' height='213' \/>\n\t\t\t<\/a>\n\t\t<\/figure>\n\t\t<figure class='photonic-level-1 photonic-thumb'>\n\t\t\t<a href='https:\/\/live.staticflickr.com\/65535\/40858412653_d6c438842e_c.jpg' title='' rel='lightbox-photonic-flickr-stream-1' class='photonic-lb photonic-swipebox swipebox' target=\"_blank\" data-photonic-media-type=\"image\" data-photonic-deep=\"gallery[photonic-flickr-set-1]\/40858412653\/\" data-title=\"&lt;a href=&#039;https:\/\/www.flickr.com\/photos\/74400699@N07\/40858412653\/in\/set-72157691377569163&#039;  target=&#039;_blank&#039; &gt;View&lt;\/a&gt;\" data-photonic-tooltip=\"\">\n\t\t\t\t<img alt='IMG_8637' class='square' data-src='https:\/\/live.staticflickr.com\/65535\/40858412653_d6c438842e_n.jpg' loading='lazy' width='320' height='213' \/>\n\t\t\t<\/a>\n\t\t<\/figure>\n\t\t<figure class='photonic-level-1 photonic-thumb'>\n\t\t\t<a href='https:\/\/live.staticflickr.com\/65535\/47035149574_7d18c337db_c.jpg' title='' rel='lightbox-photonic-flickr-stream-1' class='photonic-lb photonic-swipebox swipebox' target=\"_blank\" data-photonic-media-type=\"image\" data-photonic-deep=\"gallery[photonic-flickr-set-1]\/47035149574\/\" data-title=\"&lt;a href=&#039;https:\/\/www.flickr.com\/photos\/74400699@N07\/47035149574\/in\/set-72157691377569163&#039;  target=&#039;_blank&#039; &gt;View&lt;\/a&gt;\" data-photonic-tooltip=\"\">\n\t\t\t\t<img alt='IMG_8640' class='square' data-src='https:\/\/live.staticflickr.com\/65535\/47035149574_7d18c337db_n.jpg' loading='lazy' width='320' height='213' \/>\n\t\t\t<\/a>\n\t\t<\/figure>\n\t\t<figure class='photonic-level-1 photonic-thumb'>\n\t\t\t<a href='https:\/\/live.staticflickr.com\/65535\/47772593262_1874d55ac1_c.jpg' title='' rel='lightbox-photonic-flickr-stream-1' class='photonic-lb photonic-swipebox swipebox' target=\"_blank\" data-photonic-media-type=\"image\" data-photonic-deep=\"gallery[photonic-flickr-set-1]\/47772593262\/\" data-title=\"&lt;a href=&#039;https:\/\/www.flickr.com\/photos\/74400699@N07\/47772593262\/in\/set-72157691377569163&#039;  target=&#039;_blank&#039; &gt;View&lt;\/a&gt;\" data-photonic-tooltip=\"\">\n\t\t\t\t<img alt='IMG_8644' class='square' data-src='https:\/\/live.staticflickr.com\/65535\/47772593262_1874d55ac1_n.jpg' loading='lazy' width='320' height='213' \/>\n\t\t\t<\/a>\n\t\t<\/figure>\n\t\t<figure class='photonic-level-1 photonic-thumb'>\n\t\t\t<a href='https:\/\/live.staticflickr.com\/65535\/47772593042_ba27197c8f_c.jpg' title='' rel='lightbox-photonic-flickr-stream-1' class='photonic-lb photonic-swipebox swipebox' target=\"_blank\" data-photonic-media-type=\"image\" data-photonic-deep=\"gallery[photonic-flickr-set-1]\/47772593042\/\" data-title=\"&lt;a href=&#039;https:\/\/www.flickr.com\/photos\/74400699@N07\/47772593042\/in\/set-72157691377569163&#039;  target=&#039;_blank&#039; &gt;View&lt;\/a&gt;\" data-photonic-tooltip=\"\">\n\t\t\t\t<img alt='IMG_8650' class='square' data-src='https:\/\/live.staticflickr.com\/65535\/47772593042_ba27197c8f_n.jpg' loading='lazy' width='320' height='213' \/>\n\t\t\t<\/a>\n\t\t<\/figure>\n\t\t<figure class='photonic-level-1 photonic-thumb'>\n\t\t\t<a href='https:\/\/live.staticflickr.com\/65535\/40858411913_e363be2b10_c.jpg' title='' rel='lightbox-photonic-flickr-stream-1' class='photonic-lb photonic-swipebox swipebox' target=\"_blank\" data-photonic-media-type=\"image\" data-photonic-deep=\"gallery[photonic-flickr-set-1]\/40858411913\/\" data-title=\"&lt;a href=&#039;https:\/\/www.flickr.com\/photos\/74400699@N07\/40858411913\/in\/set-72157691377569163&#039;  target=&#039;_blank&#039; &gt;View&lt;\/a&gt;\" data-photonic-tooltip=\"\">\n\t\t\t\t<img alt='IMG_8651' class='square' data-src='https:\/\/live.staticflickr.com\/65535\/40858411913_e363be2b10_n.jpg' loading='lazy' width='320' height='213' \/>\n\t\t\t<\/a>\n\t\t<\/figure>\n\n\t<\/div> <!-- .\/photonic-level-1-container -->\n\t<span id='photonic-flickr-stream-1-container-end'><\/span>\n<\/div><!-- .photonic-stream or .photonic-panel -->\n\n<p>Demain, <a href=\"http:\/\/www.calvayrac.net\/voyages\/de-retour-au-costa-rica-monte-verde\/\" rel=\"noopener\">direction Monte Verde<\/a>.<\/p>\n","protected":false},"excerpt":{"rendered":"<p>Nous voici de retour au Costa Rica en 2018.<\/p>\n","protected":false},"author":2,"featured_media":2745,"comment_status":"open","ping_status":"closed","sticky":false,"template":"","format":"standard","meta":{"_monsterinsights_skip_tracking":false,"_monsterinsights_sitenote_active":false,"_monsterinsights_sitenote_note":"","_monsterinsights_sitenote_category":0,"footnotes":""},"categories":[78,83,11],"tags":[],"class_list":["post-2743","post","type-post","status-publish","format-standard","has-post-thumbnail","hentry","category-menu_amerique","category-costa-rica-2","category-home"],"yoast_head":"<!-- This site is optimized with the Yoast SEO plugin v23.6 - https:\/\/yoast.com\/wordpress\/plugins\/seo\/ -->\n<title>De retour au Costa Rica | Le Blog de la famille Calvayrac-Malnoue<\/title>\n<meta name=\"description\" content=\"Nous voici de retour au Costa Rica en 2018. Vous pouvez voir le r\u00e9cit d\u00e9taill\u00e9 de notre premier voyage ici. Pour ce second voyage, nous retournons \u00e0 Monte\" \/>\n<meta name=\"robots\" content=\"index, follow, max-snippet:-1, max-image-preview:large, max-video-preview:-1\" \/>\n<link rel=\"canonical\" href=\"http:\/\/www.calvayrac.net\/voyages\/de-retour-au-costa-rica\/\" \/>\n<meta name=\"twitter:label1\" content=\"\u00c9crit par\" \/>\n\t<meta name=\"twitter:data1\" content=\"Denis Calvayrac\" \/>\n\t<meta name=\"twitter:label2\" content=\"Dur\u00e9e de lecture estim\u00e9e\" \/>\n\t<meta name=\"twitter:data2\" content=\"1 minute\" \/>\n<script type=\"application\/ld+json\" class=\"yoast-schema-graph\">{\"@context\":\"https:\/\/schema.org\",\"@graph\":[{\"@type\":\"Article\",\"@id\":\"http:\/\/www.calvayrac.net\/voyages\/de-retour-au-costa-rica\/#article\",\"isPartOf\":{\"@id\":\"http:\/\/www.calvayrac.net\/voyages\/de-retour-au-costa-rica\/\"},\"author\":{\"name\":\"Denis Calvayrac\",\"@id\":\"https:\/\/www.calvayrac.net\/voyages\/#\/schema\/person\/4b35be4680029a858702884cee92b2d6\"},\"headline\":\"De retour au Costa Rica\",\"datePublished\":\"2019-05-11T14:43:06+00:00\",\"dateModified\":\"2019-05-11T15:42:42+00:00\",\"mainEntityOfPage\":{\"@id\":\"http:\/\/www.calvayrac.net\/voyages\/de-retour-au-costa-rica\/\"},\"wordCount\":143,\"commentCount\":0,\"publisher\":{\"@id\":\"https:\/\/www.calvayrac.net\/voyages\/#\/schema\/person\/4b35be4680029a858702884cee92b2d6\"},\"image\":{\"@id\":\"http:\/\/www.calvayrac.net\/voyages\/de-retour-au-costa-rica\/#primaryimage\"},\"thumbnailUrl\":\"http:\/\/www.calvayrac.net\/voyages\/wp-content\/uploads\/2019\/05\/IMG_8848.jpg\",\"articleSection\":[\"Am\u00e9riques\",\"Costa-Rica- Le retour\",\"Principales destinations\"],\"inLanguage\":\"fr-FR\",\"potentialAction\":[{\"@type\":\"CommentAction\",\"name\":\"Comment\",\"target\":[\"http:\/\/www.calvayrac.net\/voyages\/de-retour-au-costa-rica\/#respond\"]}]},{\"@type\":\"WebPage\",\"@id\":\"http:\/\/www.calvayrac.net\/voyages\/de-retour-au-costa-rica\/\",\"url\":\"http:\/\/www.calvayrac.net\/voyages\/de-retour-au-costa-rica\/\",\"name\":\"De retour au Costa Rica | Le Blog de la famille Calvayrac-Malnoue\",\"isPartOf\":{\"@id\":\"https:\/\/www.calvayrac.net\/voyages\/#website\"},\"primaryImageOfPage\":{\"@id\":\"http:\/\/www.calvayrac.net\/voyages\/de-retour-au-costa-rica\/#primaryimage\"},\"image\":{\"@id\":\"http:\/\/www.calvayrac.net\/voyages\/de-retour-au-costa-rica\/#primaryimage\"},\"thumbnailUrl\":\"http:\/\/www.calvayrac.net\/voyages\/wp-content\/uploads\/2019\/05\/IMG_8848.jpg\",\"datePublished\":\"2019-05-11T14:43:06+00:00\",\"dateModified\":\"2019-05-11T15:42:42+00:00\",\"description\":\"Nous voici de retour au Costa Rica en 2018. Vous pouvez voir le r\u00e9cit d\u00e9taill\u00e9 de notre premier voyage ici. Pour ce second voyage, nous retournons \u00e0 Monte\",\"inLanguage\":\"fr-FR\",\"potentialAction\":[{\"@type\":\"ReadAction\",\"target\":[\"http:\/\/www.calvayrac.net\/voyages\/de-retour-au-costa-rica\/\"]}]},{\"@type\":\"ImageObject\",\"inLanguage\":\"fr-FR\",\"@id\":\"http:\/\/www.calvayrac.net\/voyages\/de-retour-au-costa-rica\/#primaryimage\",\"url\":\"http:\/\/www.calvayrac.net\/voyages\/wp-content\/uploads\/2019\/05\/IMG_8848.jpg\",\"contentUrl\":\"http:\/\/www.calvayrac.net\/voyages\/wp-content\/uploads\/2019\/05\/IMG_8848.jpg\",\"width\":1000,\"height\":667},{\"@type\":\"WebSite\",\"@id\":\"https:\/\/www.calvayrac.net\/voyages\/#website\",\"url\":\"https:\/\/www.calvayrac.net\/voyages\/\",\"name\":\"Carnet de Voyages\",\"description\":\"Le Blog de la famille Calvayrac-Malnoue\",\"publisher\":{\"@id\":\"https:\/\/www.calvayrac.net\/voyages\/#\/schema\/person\/4b35be4680029a858702884cee92b2d6\"},\"potentialAction\":[{\"@type\":\"SearchAction\",\"target\":{\"@type\":\"EntryPoint\",\"urlTemplate\":\"https:\/\/www.calvayrac.net\/voyages\/?s={search_term_string}\"},\"query-input\":{\"@type\":\"PropertyValueSpecification\",\"valueRequired\":true,\"valueName\":\"search_term_string\"}}],\"inLanguage\":\"fr-FR\"},{\"@type\":[\"Person\",\"Organization\"],\"@id\":\"https:\/\/www.calvayrac.net\/voyages\/#\/schema\/person\/4b35be4680029a858702884cee92b2d6\",\"name\":\"Denis Calvayrac\",\"image\":{\"@type\":\"ImageObject\",\"inLanguage\":\"fr-FR\",\"@id\":\"https:\/\/www.calvayrac.net\/voyages\/#\/schema\/person\/image\/\",\"url\":\"http:\/\/0.gravatar.com\/avatar\/f201a6aa8d9d1c8ee40d95b156bffdb8?s=96&d=mm&r=g\",\"contentUrl\":\"http:\/\/0.gravatar.com\/avatar\/f201a6aa8d9d1c8ee40d95b156bffdb8?s=96&d=mm&r=g\",\"caption\":\"Denis Calvayrac\"},\"logo\":{\"@id\":\"https:\/\/www.calvayrac.net\/voyages\/#\/schema\/person\/image\/\"}}]}<\/script>\n<!-- \/ Yoast SEO plugin. -->","yoast_head_json":{"title":"De retour au Costa Rica | Le Blog de la famille Calvayrac-Malnoue","description":"Nous voici de retour au Costa Rica en 2018. Vous pouvez voir le r\u00e9cit d\u00e9taill\u00e9 de notre premier voyage ici. Pour ce second voyage, nous retournons \u00e0 Monte","robots":{"index":"index","follow":"follow","max-snippet":"max-snippet:-1","max-image-preview":"max-image-preview:large","max-video-preview":"max-video-preview:-1"},"canonical":"http:\/\/www.calvayrac.net\/voyages\/de-retour-au-costa-rica\/","twitter_misc":{"\u00c9crit par":"Denis Calvayrac","Dur\u00e9e de lecture estim\u00e9e":"1 minute"},"schema":{"@context":"https:\/\/schema.org","@graph":[{"@type":"Article","@id":"http:\/\/www.calvayrac.net\/voyages\/de-retour-au-costa-rica\/#article","isPartOf":{"@id":"http:\/\/www.calvayrac.net\/voyages\/de-retour-au-costa-rica\/"},"author":{"name":"Denis Calvayrac","@id":"https:\/\/www.calvayrac.net\/voyages\/#\/schema\/person\/4b35be4680029a858702884cee92b2d6"},"headline":"De retour au Costa Rica","datePublished":"2019-05-11T14:43:06+00:00","dateModified":"2019-05-11T15:42:42+00:00","mainEntityOfPage":{"@id":"http:\/\/www.calvayrac.net\/voyages\/de-retour-au-costa-rica\/"},"wordCount":143,"commentCount":0,"publisher":{"@id":"https:\/\/www.calvayrac.net\/voyages\/#\/schema\/person\/4b35be4680029a858702884cee92b2d6"},"image":{"@id":"http:\/\/www.calvayrac.net\/voyages\/de-retour-au-costa-rica\/#primaryimage"},"thumbnailUrl":"http:\/\/www.calvayrac.net\/voyages\/wp-content\/uploads\/2019\/05\/IMG_8848.jpg","articleSection":["Am\u00e9riques","Costa-Rica- Le retour","Principales destinations"],"inLanguage":"fr-FR","potentialAction":[{"@type":"CommentAction","name":"Comment","target":["http:\/\/www.calvayrac.net\/voyages\/de-retour-au-costa-rica\/#respond"]}]},{"@type":"WebPage","@id":"http:\/\/www.calvayrac.net\/voyages\/de-retour-au-costa-rica\/","url":"http:\/\/www.calvayrac.net\/voyages\/de-retour-au-costa-rica\/","name":"De retour au Costa Rica | Le Blog de la famille Calvayrac-Malnoue","isPartOf":{"@id":"https:\/\/www.calvayrac.net\/voyages\/#website"},"primaryImageOfPage":{"@id":"http:\/\/www.calvayrac.net\/voyages\/de-retour-au-costa-rica\/#primaryimage"},"image":{"@id":"http:\/\/www.calvayrac.net\/voyages\/de-retour-au-costa-rica\/#primaryimage"},"thumbnailUrl":"http:\/\/www.calvayrac.net\/voyages\/wp-content\/uploads\/2019\/05\/IMG_8848.jpg","datePublished":"2019-05-11T14:43:06+00:00","dateModified":"2019-05-11T15:42:42+00:00","description":"Nous voici de retour au Costa Rica en 2018. Vous pouvez voir le r\u00e9cit d\u00e9taill\u00e9 de notre premier voyage ici. Pour ce second voyage, nous retournons \u00e0 Monte","inLanguage":"fr-FR","potentialAction":[{"@type":"ReadAction","target":["http:\/\/www.calvayrac.net\/voyages\/de-retour-au-costa-rica\/"]}]},{"@type":"ImageObject","inLanguage":"fr-FR","@id":"http:\/\/www.calvayrac.net\/voyages\/de-retour-au-costa-rica\/#primaryimage","url":"http:\/\/www.calvayrac.net\/voyages\/wp-content\/uploads\/2019\/05\/IMG_8848.jpg","contentUrl":"http:\/\/www.calvayrac.net\/voyages\/wp-content\/uploads\/2019\/05\/IMG_8848.jpg","width":1000,"height":667},{"@type":"WebSite","@id":"https:\/\/www.calvayrac.net\/voyages\/#website","url":"https:\/\/www.calvayrac.net\/voyages\/","name":"Carnet de Voyages","description":"Le Blog de la famille Calvayrac-Malnoue","publisher":{"@id":"https:\/\/www.calvayrac.net\/voyages\/#\/schema\/person\/4b35be4680029a858702884cee92b2d6"},"potentialAction":[{"@type":"SearchAction","target":{"@type":"EntryPoint","urlTemplate":"https:\/\/www.calvayrac.net\/voyages\/?s={search_term_string}"},"query-input":{"@type":"PropertyValueSpecification","valueRequired":true,"valueName":"search_term_string"}}],"inLanguage":"fr-FR"},{"@type":["Person","Organization"],"@id":"https:\/\/www.calvayrac.net\/voyages\/#\/schema\/person\/4b35be4680029a858702884cee92b2d6","name":"Denis Calvayrac","image":{"@type":"ImageObject","inLanguage":"fr-FR","@id":"https:\/\/www.calvayrac.net\/voyages\/#\/schema\/person\/image\/","url":"http:\/\/0.gravatar.com\/avatar\/f201a6aa8d9d1c8ee40d95b156bffdb8?s=96&d=mm&r=g","contentUrl":"http:\/\/0.gravatar.com\/avatar\/f201a6aa8d9d1c8ee40d95b156bffdb8?s=96&d=mm&r=g","caption":"Denis Calvayrac"},"logo":{"@id":"https:\/\/www.calvayrac.net\/voyages\/#\/schema\/person\/image\/"}}]}},"_links":{"self":[{"href":"http:\/\/www.calvayrac.net\/voyages\/wp-json\/wp\/v2\/posts\/2743"}],"collection":[{"href":"http:\/\/www.calvayrac.net\/voyages\/wp-json\/wp\/v2\/posts"}],"about":[{"href":"http:\/\/www.calvayrac.net\/voyages\/wp-json\/wp\/v2\/types\/post"}],"author":[{"embeddable":true,"href":"http:\/\/www.calvayrac.net\/voyages\/wp-json\/wp\/v2\/users\/2"}],"replies":[{"embeddable":true,"href":"http:\/\/www.calvayrac.net\/voyages\/wp-json\/wp\/v2\/comments?post=2743"}],"version-history":[{"count":6,"href":"http:\/\/www.calvayrac.net\/voyages\/wp-json\/wp\/v2\/posts\/2743\/revisions"}],"predecessor-version":[{"id":2771,"href":"http:\/\/www.calvayrac.net\/voyages\/wp-json\/wp\/v2\/posts\/2743\/revisions\/2771"}],"wp:featuredmedia":[{"embeddable":true,"href":"http:\/\/www.calvayrac.net\/voyages\/wp-json\/wp\/v2\/media\/2745"}],"wp:attachment":[{"href":"http:\/\/www.calvayrac.net\/voyages\/wp-json\/wp\/v2\/media?parent=2743"}],"wp:term":[{"taxonomy":"category","embeddable":true,"href":"http:\/\/www.calvayrac.net\/voyages\/wp-json\/wp\/v2\/categories?post=2743"},{"taxonomy":"post_tag","embeddable":true,"href":"http:\/\/www.calvayrac.net\/voyages\/wp-json\/wp\/v2\/tags?post=2743"}],"curies":[{"name":"wp","href":"https:\/\/api.w.org\/{rel}","templated":true}]}}